{"id":2113,"date":"2016-05-25T06:48:45","date_gmt":"2016-05-25T05:48:45","guid":{"rendered":"http:\/\/www.wiklunddojo.com\/?p=2113"},"modified":"2019-11-26T09:32:26","modified_gmt":"2019-11-26T08:32:26","slug":"ix-european-tournament-in-kyokushin-karate-moscow-may-2016","status":"publish","type":"post","link":"http:\/\/www.geflekyokushin.com\/?p=2113","title":{"rendered":"IX EUROPEAN TOURNAMENT IN KYOKUSHIN KARATE MOSCOW  May 2016"},"content":{"rendered":"<p style=\"text-align: center;\"><img decoding=\"async\" loading=\"lazy\" class=\"aligncenter wp-image-2111\" src=\"http:\/\/www.wiklunddojo.com\/wp-content\/uploads\/2011\/05\/20160521_180926-1024x768.jpg\" alt=\"20160521_180926\" width=\"463\" height=\"347\" srcset=\"http:\/\/www.geflekyokushin.com\/wp-content\/uploads\/2011\/05\/20160521_180926-1024x768.jpg 1024w, http:\/\/www.geflekyokushin.com\/wp-content\/uploads\/2011\/05\/20160521_180926-300x225.jpg 300w, http:\/\/www.geflekyokushin.com\/wp-content\/uploads\/2011\/05\/20160521_180926-768x576.jpg 768w\" sizes=\"(max-width: 463px) 100vw, 463px\" \/><\/p>\n<p>Stora svenska framg\u00e5ngar vid Europam\u00e4sterskapet i Kyokushin Karate i Moskva 20-22 maj 2016 f\u00f6r seniorer.<\/p>\n<p>Den svenska tillresta delegationen om 9 personer bestod av f\u00f6rutom Sweden Kyokushin Unions landslagstrupp om 4 st t\u00e4vlande, \u00e4ven coacher, domare samt \u00f6vriga assisterande.<\/p>\n<p>Av v\u00e5ra 4st t\u00e4vlande lyckades 2 st er\u00f6vra silver platserna i sina respektive klasser. Totalt inneh\u00f6ll detta p\u00e5kostade m\u00e4sterskap 215 t\u00e4vlande fr\u00e5n 23 olika l\u00e4nder.<\/p>\n<p>Sweden Kyokushin Unions t\u00e4vlande var i<\/p>\n<p>Kumite: Jonas Rosin +18\u00a0 -80, Daniel Karlsson +18\u00a0 -80\u00a0\u00a0 (Gefle Kyokushin)<\/p>\n<p>Kata:\u00a0 Sanna Haydon, (Landvetter Kyokushin Karate)\u00a0 Alice Hydelius\u00a0 (Stora H\u00f6ga Kyokushin)<\/p>\n<p>T\u00e4vlanden fr\u00e5n Sweden Kyokushin Union h\u00e5ller idag en mycket h\u00f6g internationell klass vilket ocks\u00e5 visade sig genom att Sverige tog hem 2 silver.<\/p>\n<p>Ett stort grattis till alla fighters men \u00e4ven till alla de som arbetar i och runt landslagstruppen.<\/p>\n<p>Medalj\u00f6rer:<\/p>\n<p><strong>Kumite: <\/strong>Jonas Rosin 2:a (Silver) +18 Men -80kg\u00a0\u00a0\u00a0 (Gefle Kyokushin)<\/p>\n<p><strong>Kata:\u00a0 <\/strong>Sanna Haydon\u00a0 +18 Women\u00a0\u00a0\u00a0 (Landvetter Kyokushin Karate)<\/p>\n","protected":false},"excerpt":{"rendered":"<p>Stora svenska framg\u00e5ngar vid Europam\u00e4sterskapet i Kyokushin Karate i Moskva 20-22 maj 2016 f\u00f6r seniorer. Den svenska tillresta delegationen om 9 personer bestod av f\u00f6rutom Sweden Kyokushin Unions landslagstrupp om 4 st t\u00e4vlande, \u00e4ven coacher, domare samt \u00f6vriga assisterande. Av v\u00e5ra 4st t\u00e4vlande lyckades 2 st er\u00f6vra silver platserna i sina respektive klasser. Totalt inneh\u00f6ll [&hellip;]<\/p>\n","protected":false},"author":1,"featured_media":0,"comment_status":"closed","ping_status":"open","sticky":true,"template":"","format":"standard","meta":[],"categories":[1],"tags":[],"_links":{"self":[{"href":"http:\/\/www.geflekyokushin.com\/index.php?rest_route=\/wp\/v2\/posts\/2113"}],"collection":[{"href":"http:\/\/www.geflekyokushin.com\/index.php?rest_route=\/wp\/v2\/posts"}],"about":[{"href":"http:\/\/www.geflekyokushin.com\/index.php?rest_route=\/wp\/v2\/types\/post"}],"author":[{"embeddable":true,"href":"http:\/\/www.geflekyokushin.com\/index.php?rest_route=\/wp\/v2\/users\/1"}],"replies":[{"embeddable":true,"href":"http:\/\/www.geflekyokushin.com\/index.php?rest_route=%2Fwp%2Fv2%2Fcomments&post=2113"}],"version-history":[{"count":2,"href":"http:\/\/www.geflekyokushin.com\/index.php?rest_route=\/wp\/v2\/posts\/2113\/revisions"}],"predecessor-version":[{"id":2116,"href":"http:\/\/www.geflekyokushin.com\/index.php?rest_route=\/wp\/v2\/posts\/2113\/revisions\/2116"}],"wp:attachment":[{"href":"http:\/\/www.geflekyokushin.com\/index.php?rest_route=%2Fwp%2Fv2%2Fmedia&parent=2113"}],"wp:term":[{"taxonomy":"category","embeddable":true,"href":"http:\/\/www.geflekyokushin.com\/index.php?rest_route=%2Fwp%2Fv2%2Fcategories&post=2113"},{"taxonomy":"post_tag","embeddable":true,"href":"http:\/\/www.geflekyokushin.com\/index.php?rest_route=%2Fwp%2Fv2%2Ftags&post=2113"}],"curies":[{"name":"wp","href":"https:\/\/api.w.org\/{rel}","templated":true}]}}